{"id":2367,"date":"2020-03-12T08:57:15","date_gmt":"2020-03-12T07:57:15","guid":{"rendered":"http:\/\/psychotropes.info\/wordpress\/?p=2367"},"modified":"2020-03-12T09:12:19","modified_gmt":"2020-03-12T08:12:19","slug":"lenvie-de-mourir","status":"publish","type":"post","link":"https:\/\/psychotropes.info\/wordpress\/2020\/03\/lenvie-de-mourir\/","title":{"rendered":"L&rsquo;envie de mourir"},"content":{"rendered":"\n<p>Je vous propose d&rsquo;aborder ce sujet tabou qu&rsquo;est l&rsquo;envie de mourir. Dans la vid\u00e9o ci-dessous, je partage avec vous ma vision et mon exp\u00e9rience de cette probl\u00e9matique. <br><\/p>\n\n\n\n<figure class=\"wp-block-embed-youtube aligncenter wp-block-embed is-type-video is-provider-youtube wp-embed-aspect-16-9 wp-has-aspect-ratio\"><div class=\"wp-block-embed__wrapper\">\n<iframe loading=\"lazy\"  id=\"_ytid_17293\"  width=\"980\" height=\"551\"  data-origwidth=\"980\" data-origheight=\"551\" src=\"https:\/\/www.youtube.com\/embed\/4sJWJHuh3eA?enablejsapi=1&#038;autoplay=0&#038;cc_load_policy=0&#038;cc_lang_pref=&#038;iv_load_policy=1&#038;loop=0&#038;rel=1&#038;fs=1&#038;playsinline=0&#038;autohide=2&#038;theme=dark&#038;color=red&#038;controls=1&#038;disablekb=0&#038;\" class=\"__youtube_prefs__  epyt-is-override  no-lazyload\" title=\"YouTube player\"  allow=\"fullscreen; accelerometer; autoplay; clipboard-write; encrypted-media; gyroscope; picture-in-picture; web-share\" referrerpolicy=\"strict-origin-when-cross-origin\" allowfullscreen data-no-lazy=\"1\" data-skipgform_ajax_framebjll=\"\"><\/iframe>\n<\/div><\/figure>\n\n\n\n<p>Dans les vid\u00e9os suivantes, je vous propose une premi\u00e8re s\u00e9rie d&rsquo;outils pour travailler sur les id\u00e9es noires et l&rsquo;envie de mourir.<\/p>\n\n\n\n<h2 class=\"wp-block-heading\">Vid\u00e9o 1: Laisser partir&#8230;<\/h2>\n\n\n\n<p>Carole fait suite \u00e0 la vid\u00e9o \u00ab\u00a0L&rsquo;envie de mourir et les id\u00e9es noires, un tabou. Abordons le sujet\u00a0\u00bb <a href=\"https:\/\/youtu.be\/4sJWJHuh3eA\" target=\"_blank\" rel=\"noreferrer noopener\" aria-label=\"https:\/\/youtu.be\/4sJWJHuh3eA (s\u2019ouvre dans un nouvel onglet)\">https:\/\/youtu.be\/4sJWJHuh3eA<\/a> . Et propose un premier outil pour \u00ab\u00a0faire partir\u00a0\u00bb des \u00e9l\u00e9ments de vie qui ne nous conviennent plus.<\/p>\n\n\n\n<figure class=\"wp-block-embed-youtube aligncenter wp-block-embed is-type-video is-provider-youtube wp-embed-aspect-16-9 wp-has-aspect-ratio\"><div class=\"wp-block-embed__wrapper\">\n<iframe loading=\"lazy\"  id=\"_ytid_29469\"  width=\"980\" height=\"551\"  data-origwidth=\"980\" data-origheight=\"551\" src=\"https:\/\/www.youtube.com\/embed\/TasbZGANlEs?enablejsapi=1&#038;autoplay=0&#038;cc_load_policy=0&#038;cc_lang_pref=&#038;iv_load_policy=1&#038;loop=0&#038;rel=1&#038;fs=1&#038;playsinline=0&#038;autohide=2&#038;theme=dark&#038;color=red&#038;controls=1&#038;disablekb=0&#038;\" class=\"__youtube_prefs__  epyt-is-override  no-lazyload\" title=\"YouTube player\"  allow=\"fullscreen; accelerometer; autoplay; clipboard-write; encrypted-media; gyroscope; picture-in-picture; web-share\" referrerpolicy=\"strict-origin-when-cross-origin\" allowfullscreen data-no-lazy=\"1\" data-skipgform_ajax_framebjll=\"\"><\/iframe>\n<\/div><figcaption>Vid\u00e9o 1: Laisser partir&#8230;<\/figcaption><\/figure>\n\n\n\n<hr class=\"wp-block-separator\"\/>\n\n\n\n<h2 class=\"wp-block-heading\">Vid\u00e9o 2: Laisser partir une pens\u00e9e<\/h2>\n\n\n\n<p>Carole fait suite \u00e0 la vid\u00e9o \u00ab\u00a0L&rsquo;envie de mourir et les id\u00e9es noires, un tabou. Abordons le sujet\u00a0\u00bb <a href=\"https:\/\/youtu.be\/4sJWJHuh3eA\" target=\"_blank\" rel=\"noreferrer noopener\" aria-label=\"https:\/\/youtu.be\/4sJWJHuh3eA (s\u2019ouvre dans un nouvel onglet)\">https:\/\/youtu.be\/4sJWJHuh3eA<\/a> . Et propose un outil pour \u00ab\u00a0faire partir\u00a0\u00bb les pens\u00e9es qui nous font du mal.<\/p>\n\n\n\n<figure class=\"wp-block-embed-youtube aligncenter wp-block-embed is-type-video is-provider-youtube wp-embed-aspect-16-9 wp-has-aspect-ratio\"><div class=\"wp-block-embed__wrapper\">\n<iframe loading=\"lazy\"  id=\"_ytid_47089\"  width=\"980\" height=\"551\"  data-origwidth=\"980\" data-origheight=\"551\" src=\"https:\/\/www.youtube.com\/embed\/z52q4ZLhdCM?enablejsapi=1&#038;autoplay=0&#038;cc_load_policy=0&#038;cc_lang_pref=&#038;iv_load_policy=1&#038;loop=0&#038;rel=1&#038;fs=1&#038;playsinline=0&#038;autohide=2&#038;theme=dark&#038;color=red&#038;controls=1&#038;disablekb=0&#038;\" class=\"__youtube_prefs__  epyt-is-override  no-lazyload\" title=\"YouTube player\"  allow=\"fullscreen; accelerometer; autoplay; clipboard-write; encrypted-media; gyroscope; picture-in-picture; web-share\" referrerpolicy=\"strict-origin-when-cross-origin\" allowfullscreen data-no-lazy=\"1\" data-skipgform_ajax_framebjll=\"\"><\/iframe>\n<\/div><figcaption>Vid\u00e9o 2: Laisser partir une pens\u00e9e&#8230;<\/figcaption><\/figure>\n\n\n\n<hr class=\"wp-block-separator\"\/>\n\n\n\n<h2 class=\"wp-block-heading\">Vid\u00e9o 3: Laisser partir ce qui nous p\u00e8se<\/h2>\n\n\n\n<p>Carole propose d&rsquo;explorer le poids des mots. L&rsquo;impact que les mots et les pens\u00e9es ont sur notre corps.<\/p>\n\n\n\n<figure class=\"wp-block-embed-youtube aligncenter wp-block-embed is-type-video is-provider-youtube wp-embed-aspect-16-9 wp-has-aspect-ratio\"><div class=\"wp-block-embed__wrapper\">\n<iframe loading=\"lazy\"  id=\"_ytid_13699\"  width=\"980\" height=\"551\"  data-origwidth=\"980\" data-origheight=\"551\" src=\"https:\/\/www.youtube.com\/embed\/i3ww2rAZDlA?enablejsapi=1&#038;autoplay=0&#038;cc_load_policy=0&#038;cc_lang_pref=&#038;iv_load_policy=1&#038;loop=0&#038;rel=1&#038;fs=1&#038;playsinline=0&#038;autohide=2&#038;theme=dark&#038;color=red&#038;controls=1&#038;disablekb=0&#038;\" class=\"__youtube_prefs__  epyt-is-override  no-lazyload\" title=\"YouTube player\"  allow=\"fullscreen; accelerometer; autoplay; clipboard-write; encrypted-media; gyroscope; picture-in-picture; web-share\" referrerpolicy=\"strict-origin-when-cross-origin\" allowfullscreen data-no-lazy=\"1\" data-skipgform_ajax_framebjll=\"\"><\/iframe>\n<\/div><figcaption>Vid\u00e9o 3: Laisser partir ce qui nous p\u00e8se<\/figcaption><\/figure>\n\n\n\n<hr class=\"wp-block-separator\"\/>\n\n\n\n<p>DISCLAIMER<\/p>\n\n\n\n<p>Dans cette vid\u00e9o, Carole partage son v\u00e9cu et ses connaissances, mais n\u2019offre aucun conseil m\u00e9dical et ne sugg\u00e8re aucunement d\u2019abandonner les traitements que pourrait vous avoir prescrits votre m\u00e9decin pour r\u00e9gler vos probl\u00e8mes de sant\u00e9. <br>\nSon intention se r\u00e9sume \u00e0 vous offrir une information de nature g\u00e9n\u00e9rale pour vous aider dans votre qu\u00eate de bien-\u00eatre physique, psychologique, \u00e9motionnel et spirituel. <br>\nAu cas o\u00f9 vous utiliseriez quelque information contenue dans cette vid\u00e9o, ce qui est votre droit le plus strict, l&rsquo;auteure se d\u00e9charge de toute responsabilit\u00e9 quant aux cons\u00e9quences de vos actions.<\/p>\n\n\n\n<hr class=\"wp-block-separator\"\/>\n\n\n\n<p>Faire un don: <a href=\"https:\/\/fr.tipeee.com\/carole-advice\">https:\/\/fr.tipeee.com\/carole-advice<\/a><\/p>\n","protected":false},"excerpt":{"rendered":"<p>Carole partage son exp\u00e9rience et sa prise de conscience par rapport \u00e0 l&rsquo;envie de mourir qui peut surgir lorsqu&rsquo;on est confront\u00e9 au monde de la psychiatrie, \u00e0 ses traitements et aux conditions de vie auxquelles ils m\u00e8nent.<\/p>\n","protected":false},"author":2,"featured_media":0,"comment_status":"closed","ping_status":"closed","sticky":false,"template":"","format":"standard","meta":{"_bbp_topic_count":0,"_bbp_reply_count":0,"_bbp_total_topic_count":0,"_bbp_total_reply_count":0,"_bbp_voice_count":0,"_bbp_anonymous_reply_count":0,"_bbp_topic_count_hidden":0,"_bbp_reply_count_hidden":0,"_bbp_forum_subforum_count":0,"footnotes":""},"categories":[269],"tags":[260,238,272,42,271,14,44],"class_list":["post-2367","post","type-post","status-publish","format-standard","hentry","category-les-ateliers","tag-caroleadvices","tag-developpement-personnel","tag-envie-de-mourir","tag-idees-suicidaires","tag-lesateliers","tag-suicide","tag-video"],"_links":{"self":[{"href":"https:\/\/psychotropes.info\/wordpress\/wp-json\/wp\/v2\/posts\/2367","targetHints":{"allow":["GET"]}}],"collection":[{"href":"https:\/\/psychotropes.info\/wordpress\/wp-json\/wp\/v2\/posts"}],"about":[{"href":"https:\/\/psychotropes.info\/wordpress\/wp-json\/wp\/v2\/types\/post"}],"author":[{"embeddable":true,"href":"https:\/\/psychotropes.info\/wordpress\/wp-json\/wp\/v2\/users\/2"}],"replies":[{"embeddable":true,"href":"https:\/\/psychotropes.info\/wordpress\/wp-json\/wp\/v2\/comments?post=2367"}],"version-history":[{"count":5,"href":"https:\/\/psychotropes.info\/wordpress\/wp-json\/wp\/v2\/posts\/2367\/revisions"}],"predecessor-version":[{"id":2380,"href":"https:\/\/psychotropes.info\/wordpress\/wp-json\/wp\/v2\/posts\/2367\/revisions\/2380"}],"wp:attachment":[{"href":"https:\/\/psychotropes.info\/wordpress\/wp-json\/wp\/v2\/media?parent=2367"}],"wp:term":[{"taxonomy":"category","embeddable":true,"href":"https:\/\/psychotropes.info\/wordpress\/wp-json\/wp\/v2\/categories?post=2367"},{"taxonomy":"post_tag","embeddable":true,"href":"https:\/\/psychotropes.info\/wordpress\/wp-json\/wp\/v2\/tags?post=2367"}],"curies":[{"name":"wp","href":"https:\/\/api.w.org\/{rel}","templated":true}]}}