{"id":2403,"date":"2020-05-09T11:15:08","date_gmt":"2020-05-09T09:15:08","guid":{"rendered":"http:\/\/psychotropes.info\/wordpress\/?p=2403"},"modified":"2020-05-09T11:17:33","modified_gmt":"2020-05-09T09:17:33","slug":"et-apres-1","status":"publish","type":"post","link":"https:\/\/psychotropes.info\/wordpress\/2020\/05\/et-apres-1\/","title":{"rendered":"S\u00e9rie Et Apr\u00e8s? La Prison Mentale"},"content":{"rendered":"\n<div class=\"wp-block-media-text alignwide\"><figure class=\"wp-block-media-text__media\"><img loading=\"lazy\" decoding=\"async\" width=\"1024\" height=\"727\" src=\"https:\/\/psychotropes.info\/wordpress\/wp-content\/uploads\/2020\/05\/01SerieEtApresLaPrisonMentale-1024x727.jpg\" alt=\"\" class=\"wp-image-2404\" srcset=\"https:\/\/psychotropes.info\/wordpress\/wp-content\/uploads\/2020\/05\/01SerieEtApresLaPrisonMentale-1024x727.jpg 1024w, https:\/\/psychotropes.info\/wordpress\/wp-content\/uploads\/2020\/05\/01SerieEtApresLaPrisonMentale-300x213.jpg 300w, https:\/\/psychotropes.info\/wordpress\/wp-content\/uploads\/2020\/05\/01SerieEtApresLaPrisonMentale-768x545.jpg 768w, https:\/\/psychotropes.info\/wordpress\/wp-content\/uploads\/2020\/05\/01SerieEtApresLaPrisonMentale-210x149.jpg 210w, https:\/\/psychotropes.info\/wordpress\/wp-content\/uploads\/2020\/05\/01SerieEtApresLaPrisonMentale-1536x1090.jpg 1536w, https:\/\/psychotropes.info\/wordpress\/wp-content\/uploads\/2020\/05\/01SerieEtApresLaPrisonMentale.jpg 1747w\" sizes=\"auto, (max-width: 980px) 100vw, 980px\" \/><\/figure><div class=\"wp-block-media-text__content\">\n<p class=\"has-large-font-size\">7 mai 2020<br><\/p>\n<\/div><\/div>\n\n\n\n<p style=\"text-align:right\"><\/p>\n\n\n\n<p>Hier\nsoir, j\u2019ai regard\u00e9 <a href=\"https:\/\/fr.wikipedia.org\/wiki\/Assassin%27s_Creed_(film)\">le film Assassin\nCreed<\/a> et cela m\u2019a beaucoup parl\u00e9. \u00ab&nbsp;Agir dans l\u2019ombre pour faire\njaillir la lumi\u00e8re&nbsp;\u00bb. Avec les lanceurs d\u2019alerte Silvano Trotta, Thierry\nCasanovas, Jean-Jacques Cr\u00e8vecoeur, Tal Schaller, Edward Snowden, entre autres.\nJe ne veux pas devenir lanceur d\u2019alerte, mas plut\u00f4t me tourner vers la\nd\u00e9sob\u00e9issance civile silencieuse, ce que pratiquait <a href=\"https:\/\/books.google.ch\/books\/about\/Tout_est_clair_maintenant.html?id=fH6gCwAAQBAJ&amp;printsec=frontcover&amp;source=kp_read_button&amp;redir_esc=y#v=onepage&amp;q&amp;f=false\">Wayne\nDyer<\/a> lorsqu\u2019il se retrouvait dans des conditions qui ne lui convenaient\npas.<\/p>\n\n\n\n<p>\u00catre\nplut\u00f4t l\u00e0 pour soutenir les gens dans leur cheminement au travers du r\u00e9cit de\nmon v\u00e9cu. <\/p>\n\n\n\n<p>Dans\nle film Assassin Creed, ils ont fait des r\u00e9gressions vers des vies ant\u00e9rieures,\n\u00e0 l\u2019aide d\u2019une machine nomm\u00e9e l\u2019Animus, pour comprendre ce qui s\u2019\u00e9tait pass\u00e9 et\npour d\u00e9terminer o\u00f9 se trouve la pomme d\u2019\u00c9den qui contient le germe de la\nd\u00e9sob\u00e9issance originelle et du libre-arbitre, et donc par-l\u00e0 \u00ab&nbsp;la\nsoumission&nbsp;\u00bb. Cette aventure de science-fiction me parle tout \u00e0 fait en\nces temps o\u00f9 les notions de privation de libert\u00e9, de prison mentale, de\nsoumission volontaire et d\u2019asservissement ressortent \u00e0 la surface. <\/p>\n\n\n\n<p>La\nvid\u00e9o de 4 des lanceurs d\u2019alerte cit\u00e9s plus haut, nomm\u00e9e <a href=\"https:\/\/youtu.be\/m_s80n6EYyg\">Alerte \u00e0 la sant\u00e9, alerte \u00e0 la libert\u00e9<\/a>,\naborde tr\u00e8s bien le sujet. Ce sont des personnes qui se construisent en marge\ndu syst\u00e8me, ou plut\u00f4t, devrait-on dire parall\u00e8lement au syst\u00e8me, tout en y\nvivant pleinement et en souhaitant partager et offrir aux autres ce qui leur\npermet de vivre heureux et en bonne sant\u00e9.<\/p>\n\n\n\n<p>Des\nconnaissances sur les techniques de manipulation mentale, de sant\u00e9 holistique,\nde mensonge m\u00e9diatique et politique. J\u2019en suis arriv\u00e9 \u00e0 un point o\u00f9 j\u2019ai envie de\ncomprendre. Et j\u2019ai compris une premi\u00e8re chose, c\u2019est que me tenir inform\u00e9e, ce\nn\u2019est pas gober tout ce qu\u2019on me dit. Ainsi, s\u2019informer, ce n\u2019est pas gober la\nversion des autres, mais se renseigner sur tous les points de vue et se faire\nsa propre opinion.<\/p>\n\n\n\n<p>J\u2019aime\nbien l\u2019image que met Silvano Trotta \u00e0 la fin de ses vid\u00e9os consacr\u00e9es aux Fake\nNews. Il s\u2019agit de l\u2019image d\u2019un coup de pied dans un poste de TV. Par ailleurs,\ndans le g\u00e9n\u00e9rique de nombre de ses vid\u00e9os, il nous rappelle que nous sommes 99%\net que ceux qui poussent l\u2019information et le monde dans le sens actuel, ne\nrepr\u00e9sentent que 1% de la population. 1% de personnes qui ont d\u00e9cid\u00e9 de\nfa\u00e7onner le monde \u00e0 leur fa\u00e7on et selon leur go\u00fbt, mais surtout dans l\u2019irrespect\nde la qualit\u00e9 humaine&nbsp;: dans l\u2019irrespect de la sant\u00e9, de la vie et de la\nlibert\u00e9 des autres.<\/p>\n\n\n\n<p>D\u00e9cider que 15% de la population doit dispara\u00eetre comme l\u2019a sugg\u00e9rer Bill Gates&nbsp;: <\/p>\n\n\n\n<blockquote class=\"wp-block-quote is-layout-flow wp-block-quote-is-layout-flow\"><p><em>\u201cThe world today has 6.8 billion people. That\u2019s heading up to about nine billion. Now if we do a really great job on new vaccines, health care, reproductive health services, we could lower that by perhaps 10 or 15 percent.\u201d<\/em> <\/p><cite> <br>Source: Michael Snyder (2011) dans <a href=\"http:\/\/endoftheamericandream.com\/archives\/from-7-billion-people-to-500-million-people-the-sick-population-control-agenda-of-the-global-elite\">End of The American Dream<\/a>. <\/cite><\/blockquote>\n\n\n\n<p>D\u00e9cider\nde priver ses semblables de la libert\u00e9 de disposer de leur corps, de leur\nesprit et de leurs mouvements, c\u2019est un id\u00e9al, qui \u00e0 mon go\u00fbt, n\u2019est pas noble.<\/p>\n\n\n\n<p>Je\nsais qu\u2019en faisant ce que je fais, qu\u2019en suivant leurs directives de\nconfinement, je joue leur jeu et je les rends plus puissants. Mais, j\u2019\u00e9tudie\nles choses de l\u2019int\u00e9rieur. Je prends soin de la libert\u00e9 de mon esprit, de mon\n\u00e2me et de mon c\u0153ur, pour chaque jour devenir plus forte dans ce d\u00e9bat sur les\nlibert\u00e9s de vie individuelles.<\/p>\n\n\n\n<p>Que\nma pens\u00e9e soit claire. Que ma pens\u00e9e reste claire en ces temps o\u00f9 r\u00e8gne le\nbrouillard de la peur. Prendre soin de moi, de mon \u00e2me et de ma conscience.\nGarder la foi et la confiance en la capacit\u00e9 humaine \u00e0 se r\u00e9veiller et \u00e0 ne pas\nse laisser enfermer dans son mental. Suivre son c\u0153ur. Suivre la voie\/voix du c\u0153ur.<\/p>\n\n\n\n<p>Est-ce\nque dans mon c\u0153ur, j\u2019ai envie de vivre une vie comme celle qu\u2019on est en train\nde me proposer&nbsp;? Comment \u00e9lever ma fille dans des conditions qui s\u2019annoncent\nsi difficiles&nbsp;?<\/p>\n\n\n\n<p>En\nm\u00eame temps, je sais que si nous sommes sur Terre en ce moment, c\u2019est qu\u2019on est\ncapable de le faire\u2026<\/p>\n\n\n\n<p>D\u00e9sob\u00e9issance\ncivile (silencieuse&nbsp;?), tel est le mot qui me trotte dans la t\u00eate depuis\nquelques jours. Me raccrocher \u00e0 <a href=\"https:\/\/fr.wikipedia.org\/wiki\/Wayne_Dyer\">Wayne Dyer<\/a>, \u00e0 ses pratiques\nspirituelles&nbsp;? Prendre soin de mon c\u0153ur, de mon corps et de mon esprit.\nPrendre soin de mon \u00e2me. Reprendre le plein pouvoir de ma vie. Ne plus laisser\nles autres d\u00e9cider pour moi de ce qui est bien. Ne pas me laisser enfermer dans\ncette prison mentale qu\u2019on m\u2019invite \u00e0 adopter. <\/p>\n\n\n\n<p>Les\nbriques de ma prison mentale se sont bien \u00e9lev\u00e9 depuis deux mois, et j\u2019ai bien failli\nm\u2019enfermer entre quatre murs comme je l\u2019ai fait il y a 20 ans. <\/p>\n\n\n\n<p>Jeune\nadulte, je m\u2019\u00e9tais construite ma propre prison mentale avec les briques que les\npsys me donnaient. Je les acceptais sans (trop) broncher et je les ajoutais une\n\u00e0 une \u00e0 l\u2019\u00e9difice.<\/p>\n\n\n\n<p>Aujourd\u2019hui,\nle m\u00eame ph\u00e9nom\u00e8ne se reproduit, mais \u00e0 une \u00e9chelle plus grande. Ce ne sont plus\nles \u00eatres un peu \u00ab&nbsp;diff\u00e9rents&nbsp;\u00bb \u00e0 qui on propose de s\u2019enfermer dans\nleur t\u00eate, mais \u00e0 toute la population. Et quelle forme prend cette prison\nmentale&nbsp;: celle de la peur.<\/p>\n\n\n\n<p>La\npeur nous pousse \u00e0 nous retrancher au plus profond de nous-m\u00eames. Et ce\nretranchement, cet enfermement, finit par se manifester dans le monde physique&nbsp;:\non finit par se retrancher volontairement chez nous, entre nos quatre murs. Une\nfois enferm\u00e9 mentalement, on s\u2019enferme physiquement. Et une fois enferm\u00e9\nphysiquement, on finit par se couper totalement du monde. Cela marche dans les\ndeux sens.<\/p>\n\n\n\n<p>En\nce moment, les autorit\u00e9s, les grandes firmes pharmaceutiques et les puissants\nde ce monde jouent sur \u00e7a. Ils nous coupent physiquement des autres pour nous inviter\nmentalement \u00e0 nous couper des autres&nbsp;; \u00e0 couper nos liens sociaux,\nphysiques et mentaux, avec les autres.<\/p>\n\n\n\n<p>La\ndistance physique invite \u00e0 la distance sociale et le cerveau finit par\napprendre que se tenir \u00e0 l\u2019\u00e9cart des autres est la norme, le comportement\nnormal \u00e0 adopter. Plus il va r\u00e9p\u00e9ter ce geste de distanciation, plus ce geste\nva devenir un automatisme et plus il va le cerveau va l\u2019int\u00e9grer dans la\npanoplie de ses comportements de base.<\/p>\n\n\n\n<p>Cette boucle de r\u00e9troaction distanciation physique-distanciation mentale (et retranchement mental-retranchement physique) commence alors \u00e0 s\u2019auto-alimenter. Et en combien de temps l\u2019\u00eatre humain finit par adopter durablement un nouveau comportement&nbsp;? Apr\u00e8s combien de temps \u00e0 pratiquer chaque jour un comportement, celui-ci devient-il un automatisme auquel on ne pr\u00eate plus attention&nbsp;? Apr\u00e8s \u00e0 peine 21 jours pour les comportements les moins complexes. Et apr\u00e8s 90 jours, les comportements les plus complexes peuvent devenir une habitude.<\/p>\n\n\n\n<p>Mais\nau bout de quelques jours, un comportement peut \u00eatre totalement int\u00e9gr\u00e9 si le\nchoc d\u2019une menace pour la survie de l\u2019organisme a \u00e9t\u00e9 tr\u00e8s grand. N\u2019est-ce pas\nce que nous fait vivre le confinement et le choc de l\u2019apparition d\u2019une menace\ninvisible que personne ne semble parvenir \u00e0 contr\u00f4ler&nbsp;? N\u2019est-ce pas le\ncas avec le confinement \u00ab&nbsp;impos\u00e9&nbsp;\u00bb du jour au lendemain et le matraquage\nquotidien de nouvelles sombres et inqui\u00e9tantes concernant le nombre de morts\nque fait cette dangereuse menace invisible&nbsp;?<\/p>\n\n\n\n<p>Comme\nl\u2019explique la th\u00e9orie du <a href=\"https:\/\/fr.wikipedia.org\/wiki\/Conditionnement_classique\">conditionnement\nclassique<\/a>, on finit par associer le comportement \u00ab&nbsp;restez chez soi et\n\u00e0 distance des autres&nbsp;\u00bb comme \u00e9tant la r\u00e9ponse \u00e0 fournir lorsqu\u2019on entend\nle terme de Covid-19.<\/p>\n\n\n\n<blockquote class=\"wp-block-quote is-layout-flow wp-block-quote-is-layout-flow\"><p><em>Le conditionnement classique [\u2026] est un concept du b\u00e9haviorisme propos\u00e9 par Ivan Pavlov au d\u00e9but du XXe si\u00e8cle. Cette th\u00e9orie s&rsquo;int\u00e9resse aux r\u00e9sultats d&rsquo;un apprentissage d\u00fb \u00e0 l&rsquo;association entre des stimuli de l&rsquo;environnement et les r\u00e9actions automatiques de l&rsquo;organisme. [\u2026] L&rsquo;apprentissage par conditionnement classique serait la cause de nombreuses phobies.<\/em> <\/p><cite> <br>Source&nbsp;: <a href=\"https:\/\/fr.wikipedia.org\/wiki\/Conditionnement_classique\">Wikip\u00e9dia 2020<\/a>. <\/cite><\/blockquote>\n\n\n\n<p>Mais\nl\u00e0, il me semble qu\u2019on va plus loin. On ne se conditionne pas seulement \u00e0\nrester chez soi, mais aussi \u00e0 rester mentalement \u00e0 distance des autres et des\nopinions divergentes. <\/p>\n\n\n\n<p>Faire\nr\u00e9gner l\u2019ins\u00e9curit\u00e9 ambiante. Insuffler la peur pour faire changer les\ncomportements et les \u00e9tats de pens\u00e9es en un temps record. En 2 mois, en 60\njours seulement, ils ont r\u00e9ussi \u00e0 modifier durablement notre \u00e9tat d\u2019\u00eatre, notre\nrapport aux autres, \u00e0 notre corps et \u00e0 la maladie, et notre mani\u00e8re de penser.\nEn quelques dizaines de jours seulement, ils ont r\u00e9ussi \u00e0 nous faire changer \u00ab&nbsp;volontairement&nbsp;\u00bb\net durablement notre comportement, notre fa\u00e7on d\u2019\u00eatre au monde, notre personnalit\u00e9\net notre regard sur la vie et sur la sant\u00e9.<\/p>\n\n\n\n<p>Les\npersonnes, comme moi, qui ont d\u00e9j\u00e0 \u00e9t\u00e9 pouss\u00e9es \u00e0 se construire une prison\nmentale et qui ont trouv\u00e9 la cl\u00e9 pour en sortir, (c\u2019est-\u00e0-dire qui ont d\u00e9mantel\u00e9\nbrique par brique, croyance par croyance, cette prison mentale qu\u2019ils se sont\nconstruite avec les briques apport\u00e9es par d\u2019autres), ont certainement rep\u00e9r\u00e9\nles \u00e9l\u00e9ments de processus similaires \u00e0 l\u2019\u0153uvre dans la situation actuelle.<\/p>\n\n\n\n<p>Mais,\ncomme par le pass\u00e9, je risque \u00e0 nouveau de passer pour une personne qui ne voit\npas la r\u00e9alit\u00e9 en face. Une psychotique quoi&nbsp;! <\/p>\n\n\n\n<p>Mais\nde quelle r\u00e9alit\u00e9 parle-t-on&nbsp;? De cette r\u00e9alit\u00e9 que les gouvernements, les\nfirmes pharmaceutiques et les grands de ce monde ont construite&nbsp;? Cette\nr\u00e9alit\u00e9 de Peur&nbsp;? Cette r\u00e9alit\u00e9 o\u00f9 tout le monde vit dans la terreur&nbsp;?\nCette r\u00e9alit\u00e9 o\u00f9 la peur de l\u2019autre est la norme si on veut \u00eatre serein&nbsp;?<\/p>\n\n\n\n<p>Garder\nses distances&nbsp;! Rester chez soi (aussi bien mentalement que physiquement)&nbsp;!\nOublier les joies de la vie&nbsp;! Se contenter de consommer des m\u00e9dias et de l\u2019info\nangoissante retranch\u00e9 chez soi&nbsp;! Cette info pr\u00e9-m\u00e2ch\u00e9e et tri\u00e9e par les\nm\u00e9dias&nbsp;! Ne plus faire confiance \u00e0 ses propres pens\u00e9es&nbsp;! Ne plus\ndisposer de sa propre libert\u00e9 de penser&nbsp;!<\/p>\n\n\n\n<p>S\u2019enfermer\nmentalement dans une prison dor\u00e9e o\u00f9 l\u2019autre ne peut plus s\u2019approcher\u2026. <\/p>\n\n\n\n<p>Je\nne vais pas me laisser enfermer. Non, je ne vais pas construire ma propre\nprison et m\u2019y enfermer \u00e0 double tour en me bouchant les oreilles et en fermant\nles yeux le plus fort possible. Non, je ne vais pas construire mon propre\ncercueil de vair pour m\u2019y enfermer, en jeter la cl\u00e9 et attendre la mort (mentale\net physique). <\/p>\n\n\n\n<p>La\ncl\u00e9 de ma libert\u00e9, je l\u2019ai en main. Moi seule peux ouvrir la porte et reprendre\nma libert\u00e9. Ma libert\u00e9 mentale. Ma libert\u00e9 de penser. Ma libert\u00e9 de vivre.<\/p>\n\n\n\n<p>Comment\naider les autres \u00e0 ne pas s\u2019enfermer&nbsp;; \u00e0 sortir de leur prison mentale et\n\u00e0 garder leur libert\u00e9 de pens\u00e9e&nbsp;?<\/p>\n\n\n\n<p>Comment aider les autres \u00e0 ne pas s\u2019enfermer&nbsp;; \u00e0 sortir de leur prison mentale et \u00e0 garder leur libert\u00e9 de pens\u00e9e&nbsp;?<\/p>\n\n\n\n<p><\/p>\n\n\n\n<p style=\"text-align:right\">\u00a9 Carole Advices, mai 2020<br><\/p>\n","protected":false},"excerpt":{"rendered":"<p>7 mai 2020 Hier soir, j\u2019ai regard\u00e9 le film Assassin Creed et cela m\u2019a beaucoup parl\u00e9. \u00ab&nbsp;Agir dans l\u2019ombre pour faire jaillir la lumi\u00e8re&nbsp;\u00bb. Avec les lanceurs d\u2019alerte Silvano Trotta, Thierry Casanovas, Jean-Jacques Cr\u00e8vecoeur, Tal Schaller, Edward Snowden, entre autres. Je ne veux pas devenir lanceur d\u2019alerte, mas plut\u00f4t me tourner vers la d\u00e9sob\u00e9issance civile [&hellip;]<\/p>\n","protected":false},"author":2,"featured_media":0,"comment_status":"closed","ping_status":"closed","sticky":false,"template":"","format":"standard","meta":{"_bbp_topic_count":0,"_bbp_reply_count":0,"_bbp_total_topic_count":0,"_bbp_total_reply_count":0,"_bbp_voice_count":0,"_bbp_anonymous_reply_count":0,"_bbp_topic_count_hidden":0,"_bbp_reply_count_hidden":0,"_bbp_forum_subforum_count":0,"footnotes":""},"categories":[279,1],"tags":[260,277,278,152],"class_list":["post-2403","post","type-post","status-publish","format-standard","hentry","category-et-apres","category-uncategorized","tag-caroleadvices","tag-covid-19","tag-prison-mentale","tag-psychose"],"_links":{"self":[{"href":"https:\/\/psychotropes.info\/wordpress\/wp-json\/wp\/v2\/posts\/2403","targetHints":{"allow":["GET"]}}],"collection":[{"href":"https:\/\/psychotropes.info\/wordpress\/wp-json\/wp\/v2\/posts"}],"about":[{"href":"https:\/\/psychotropes.info\/wordpress\/wp-json\/wp\/v2\/types\/post"}],"author":[{"embeddable":true,"href":"https:\/\/psychotropes.info\/wordpress\/wp-json\/wp\/v2\/users\/2"}],"replies":[{"embeddable":true,"href":"https:\/\/psychotropes.info\/wordpress\/wp-json\/wp\/v2\/comments?post=2403"}],"version-history":[{"count":8,"href":"https:\/\/psychotropes.info\/wordpress\/wp-json\/wp\/v2\/posts\/2403\/revisions"}],"predecessor-version":[{"id":2413,"href":"https:\/\/psychotropes.info\/wordpress\/wp-json\/wp\/v2\/posts\/2403\/revisions\/2413"}],"wp:attachment":[{"href":"https:\/\/psychotropes.info\/wordpress\/wp-json\/wp\/v2\/media?parent=2403"}],"wp:term":[{"taxonomy":"category","embeddable":true,"href":"https:\/\/psychotropes.info\/wordpress\/wp-json\/wp\/v2\/categories?post=2403"},{"taxonomy":"post_tag","embeddable":true,"href":"https:\/\/psychotropes.info\/wordpress\/wp-json\/wp\/v2\/tags?post=2403"}],"curies":[{"name":"wp","href":"https:\/\/api.w.org\/{rel}","templated":true}]}}