{"id":751,"date":"2017-01-16T10:37:58","date_gmt":"2017-01-16T09:37:58","guid":{"rendered":"http:\/\/psychotropes.info\/wordpress\/?p=751"},"modified":"2017-01-16T10:37:58","modified_gmt":"2017-01-16T09:37:58","slug":"mes-activites-en-2017","status":"publish","type":"post","link":"https:\/\/psychotropes.info\/wordpress\/2017\/01\/mes-activites-en-2017\/","title":{"rendered":"Mes activit\u00e9s en 2017"},"content":{"rendered":"<p>Bonjour \u00e0 tous,<\/p>\n<p>En ce d\u00e9but d&rsquo;ann\u00e9e 2017, je vais reprendre la direction de l&rsquo;universit\u00e9, jusqu&rsquo;en juillet o\u00f9 je devrais obtenir mon dipl\u00f4me. Je vais \u00e9galement reprendre le travail d&rsquo;information sur la m\u00e9dication psychiatrique et le monde de la psychiatrie, mais cette fois je vais le faire en l&rsquo;adaptant \u00e0 mon rythme de vie.<\/p>\n<p><strong>LIVRE<\/strong><\/p>\n<p>Tout au long de cette ann\u00e9e, je vais me concentrer sur la mise par \u00e9crit de ce que j&rsquo;ai compris de ce qui m&rsquo;est arriv\u00e9, de pourquoi \u00e7a m&rsquo;est arriv\u00e9 et de comment sortir du cercle n\u00e9faste de la psychiatrie moderne et de ses traitements chimiques et non-chimiques.<\/p>\n<p>Je vais proposer une premi\u00e8re r\u00e9ponse \u00e0 la question: \u00ab\u00a0Qu&rsquo;est-ce que la maladie mentale?\u00a0\u00bb et je vais essayer d&rsquo;expliquer les m\u00e9canismes qui sont derri\u00e8re l&rsquo;anxi\u00e9t\u00e9, la d\u00e9pression, les psychoses, l&rsquo;insomnie et les autres troubles qui sont actuellement tr\u00e8s fr\u00e9quents dans notre soci\u00e9t\u00e9 moderne.<\/p>\n<p>C&rsquo;est \u00e0 l&rsquo;aide de l&rsquo;outil Wattpad, que je vais r\u00e9diger et rendre disponibles mes r\u00e9flexions autour de la \u00ab\u00a0maladie mentale\u00a0\u00bb. Cet outil permet aux auteurs de proposer gratuitement leurs \u00e9crits (en cours de r\u00e9daction ou termin\u00e9s) \u00e0 leurs lecteurs.<\/p>\n<p>Je vais donc vous proposer de suivre la r\u00e9daction de mes \u00e9crits en temps r\u00e9el. Comme cela vous pourrez suivre l&rsquo;avanc\u00e9e de mes r\u00e9flexions sur les divers sujets qui m&rsquo;interpellent et commenter les parties qui ne vous semblent pas claires.<\/p>\n<p style=\"text-align: center;\"><iframe loading=\"lazy\" src=\"https:\/\/embed.wattpad.com\/follow\/CaroleAdvices\" width=\"157\" height=\"25\" frameborder=\"0\" allowfullscreen=\"allowfullscreen\"><\/iframe><\/p>\n<p>&nbsp;<\/p>\n<p><strong>VIDEOS<\/strong><\/p>\n<p>Pour rendre plus accessible le contenu de mes r\u00e9flexions, je vais \u00e9galement continuer \u00e0 r\u00e9aliser des s\u00e9ries de vid\u00e9os.<\/p>\n<p>&nbsp;<\/p>\n<p><strong>THEMES QUI SERONT TRAITES<\/strong><\/p>\n<p>Voici les divers th\u00e8mes que j&rsquo;ai pr\u00e9vu de traiter:<\/p>\n<ul>\n<li>Qu&rsquo;est-ce que la maladie mentale dans notre soci\u00e9t\u00e9 moderne?<\/li>\n<li>L&rsquo;anxi\u00e9t\u00e9, qu&rsquo;est-ce que c&rsquo;est et comment la g\u00e9rer?<\/li>\n<li>La d\u00e9pression, qu&rsquo;est-ce que c&rsquo;est et comment en sortir?<\/li>\n<li>Finissons-nous tous par devenir psychotiques ou schizophr\u00e8nes sous m\u00e9dications psychotropes?<\/li>\n<li>Pourquoi certains s&rsquo;en sortent et d&rsquo;autres pas?<\/li>\n<li>Quelle est la diff\u00e9rence entre une \u00e9motion et une pens\u00e9e?<\/li>\n<li>&#8230;<\/li>\n<\/ul>\n<p><strong>FORUMS<\/strong><\/p>\n<p>J&rsquo;ai r\u00e9alis\u00e9 que les forums me prenaient trop d&rsquo;\u00e9nergie et qu&rsquo;ils d\u00e9truisaient ma motivation \u00e0 continuer \u00e0 informer les gens concernant le domaine de la psychiatrie et de la m\u00e9dication psychiatrique. J&rsquo;adore l&rsquo;\u00e9quipe du forum de Th\u00e9r\u00e8se qui fait un travail formidable pour soutenir, conseiller et guider les personnes qui sont en sevrage. J&rsquo;aurai tant aim\u00e9 pouvoir \u00eatre plus forte et arriver \u00e0 tout faire de front: r\u00e9aliser des vid\u00e9os, \u00e9crire des livres, d\u00e9velopper mon site, finir mes \u00e9tudes, m&rsquo;occuper de ma famille et soutenir individuellement les membres du forum. Mais \u00e7a fait trop, vraiment trop. Au final, j&rsquo;ai tellement voulu en faire qu&rsquo;en ces mois de d\u00e9cembre 2016 et de janvier 2017, j&rsquo;ai tout mis de c\u00f4t\u00e9 parce que j&rsquo;\u00e9tais d\u00e9bord\u00e9e.<\/p>\n<p>Je me suis alors dit qu&rsquo;il fallait que je trouve un juste milieu pour pouvoir continuer \u00e0 \u00eatre utile dans l&rsquo;information et le soutien des personnes qui sont en prise avec la psychiatrie et les m\u00e9dicaments psychiatriques. Je me suis dit que je ne pouvais pas de nouveau tout plaquer parce que je n&rsquo;avais pas su g\u00e9rer mes priorit\u00e9s dans le domaine.<\/p>\n<p><strong>MES PRIORITES<\/strong><\/p>\n<p>Maintenant, je r\u00e9alise que je ne peux pas tout faire, qu&rsquo;il est important que je me concentre sur ce que je fais de mieux pour pouvoir proposer efficacement mon aide et mes connaissances aux personnes qui ont en besoin. Je vais donc concentrer mes efforts sur trois points suivants:<\/p>\n<ol>\n<li>Continuer \u00e0 <strong>acqu\u00e9rir des connaissances<\/strong> dans les domaines de la psychologie, de la psychiatrie, de la m\u00e9dication psychotrope, des neurosciences, des \u00e9tats modifi\u00e9s de consciences, des th\u00e9rapies alternatives, de l&rsquo;alimentation, etc&#8230; (formation universitaire, en autodidacte et aupr\u00e8s de sp\u00e9cialistes)<\/li>\n<li><strong>Livres et\/ou guides<\/strong>: Mise par \u00e9crit de mes connaissances et de ma compr\u00e9hension du domaine (psychiatrie, \u00ab\u00a0troubles mentaux\u00a0\u00bb, \u00ab\u00a0maladie mentale\u00a0\u00bb, m\u00e9dicaments psychiatriques,&#8230;)\n<p style=\"text-align: center;\"><iframe loading=\"lazy\" src=\"https:\/\/embed.wattpad.com\/follow\/CaroleAdvices\" width=\"157\" height=\"25\" frameborder=\"0\" allowfullscreen=\"allowfullscreen\"><\/iframe><\/p>\n<\/li>\n<li>R\u00e9alisation de<strong> vid\u00e9os<\/strong> pour faciliter l&rsquo;acc\u00e8s \u00e0 l&rsquo;information. <a href=\"https:\/\/www.youtube.com\/user\/CaroleAdvices\" target=\"_blank\">Cha\u00eene Youtube<\/a><\/li>\n<\/ol>\n<p>&nbsp;<\/p>\n<p>Je vous remercie tous et toutes de votre compr\u00e9hension.<\/p>\n<p>Je tenais \u00e0 pr\u00e9senter <strong>mes excuses \u00e0 Th\u00e9r\u00e8se<\/strong> et \u00e0 l&rsquo;admirable \u00e9quipe de son forum pour ne pas avoir \u00e9t\u00e9 capable de tenir mon engagement et ne plus \u00eatre en mesure de continuer \u00e0 intervenir sur le forum. J&rsquo;ai pr\u00e9sum\u00e9 de mes forces dans le domaine et je vous prie de bien vouloir me pardonner.<\/p>\n<p>&nbsp;<\/p>\n<p>Dans l&rsquo;intention de ne plus d\u00e9cevoir personne, je vais faire tout mon possible pour ne prendre que des engagements que je peux tenir et mettre en place des strat\u00e9gies qui me permettent d&rsquo;aller au bout de ce que j&rsquo;ai promis. Je vais donc m&rsquo;engager \u00e0 r\u00e9diger des livres et \u00e0 proposer des vid\u00e9os pour vous guider vers la sortie de la m\u00e9dication psychiatrique et de la psychiatrie. Mais pour \u00eatre s\u00fbre d&rsquo;arriver au bout de ces deux projets, je vais prendre mon temps pour \u00e9crire et pour r\u00e9aliser des vid\u00e9os, je vais le faire \u00e0 mon rythme. Par cons\u00e9quent, il ne sortira pas un livre par mois ou une vid\u00e9o par semaine. Il me faudra du temps pour tout mettre par \u00e9crit ou en images.<\/p>\n<p>Merci de votre patience et de votre compr\u00e9hension!<\/p>\n<p>A tr\u00e8s bient\u00f4t pour les premiers \u00e9crits,<\/p>\n<p>Tr\u00e8s bonne ann\u00e9e \u00e0 tous! Qu&rsquo;elle vous apporte joie, bonheur, amour, r\u00e9ussite et surtout sant\u00e9!<\/p>\n<p>Du fond du coeur,<\/p>\n<p>Carole<\/p>\n<p>&nbsp;<\/p>\n<p>&nbsp;<\/p>\n","protected":false},"excerpt":{"rendered":"<p>Bonjour \u00e0 tous, En ce d\u00e9but d&rsquo;ann\u00e9e 2017, je vais reprendre la direction de l&rsquo;universit\u00e9, jusqu&rsquo;en juillet o\u00f9 je devrais obtenir mon dipl\u00f4me. Je vais \u00e9galement reprendre le travail d&rsquo;information sur la m\u00e9dication psychiatrique et le monde de la psychiatrie, mais cette fois je vais le faire en l&rsquo;adaptant \u00e0 mon rythme de vie. LIVRE [&hellip;]<\/p>\n","protected":false},"author":2,"featured_media":0,"comment_status":"open","ping_status":"closed","sticky":false,"template":"","format":"standard","meta":{"_bbp_topic_count":0,"_bbp_reply_count":0,"_bbp_total_topic_count":0,"_bbp_total_reply_count":0,"_bbp_voice_count":0,"_bbp_anonymous_reply_count":0,"_bbp_topic_count_hidden":0,"_bbp_reply_count_hidden":0,"_bbp_forum_subforum_count":0,"footnotes":""},"categories":[9,1],"tags":[],"class_list":["post-751","post","type-post","status-publish","format-standard","hentry","category-annonces","category-uncategorized"],"_links":{"self":[{"href":"https:\/\/psychotropes.info\/wordpress\/wp-json\/wp\/v2\/posts\/751","targetHints":{"allow":["GET"]}}],"collection":[{"href":"https:\/\/psychotropes.info\/wordpress\/wp-json\/wp\/v2\/posts"}],"about":[{"href":"https:\/\/psychotropes.info\/wordpress\/wp-json\/wp\/v2\/types\/post"}],"author":[{"embeddable":true,"href":"https:\/\/psychotropes.info\/wordpress\/wp-json\/wp\/v2\/users\/2"}],"replies":[{"embeddable":true,"href":"https:\/\/psychotropes.info\/wordpress\/wp-json\/wp\/v2\/comments?post=751"}],"version-history":[{"count":1,"href":"https:\/\/psychotropes.info\/wordpress\/wp-json\/wp\/v2\/posts\/751\/revisions"}],"predecessor-version":[{"id":752,"href":"https:\/\/psychotropes.info\/wordpress\/wp-json\/wp\/v2\/posts\/751\/revisions\/752"}],"wp:attachment":[{"href":"https:\/\/psychotropes.info\/wordpress\/wp-json\/wp\/v2\/media?parent=751"}],"wp:term":[{"taxonomy":"category","embeddable":true,"href":"https:\/\/psychotropes.info\/wordpress\/wp-json\/wp\/v2\/categories?post=751"},{"taxonomy":"post_tag","embeddable":true,"href":"https:\/\/psychotropes.info\/wordpress\/wp-json\/wp\/v2\/tags?post=751"}],"curies":[{"name":"wp","href":"https:\/\/api.w.org\/{rel}","templated":true}]}}